{"id":689,"date":"2023-02-07T13:26:21","date_gmt":"2023-02-07T12:26:21","guid":{"rendered":"https:\/\/www.zspwolaradlowska.pl\/?p=689"},"modified":"2023-02-07T13:32:03","modified_gmt":"2023-02-07T12:32:03","slug":"rekrutacja-do-przedszkoli-i-szkol-podstawowych-na-rok-2023-2024","status":"publish","type":"post","link":"https:\/\/www.zspwolaradlowska.pl\/?p=689","title":{"rendered":"Rekrutacja do przedszkoli i szk\u00f3\u0142 podstawowych na rok 2023\/2024"},"content":{"rendered":"\n<p><strong>Przedszkole:<\/strong><br>1. &nbsp;Do przedszkoli prowadzonych przez Gmin\u0119 Rad\u0142\u00f3w przyjmuje si\u0119 kandydat\u00f3w zamieszka\u0142ych na terenie Gminy Rad\u0142\u00f3w.<br>2. Rodzice wyra\u017caj\u0105cy ch\u0119\u0107 &nbsp;ucz\u0119szczania dziecka &nbsp;do przedszkola do kt\u00f3rego ucz\u0119szcza &nbsp;obecnie sk\u0142adaj\u0105 w tym przedszkolu na rok szkolny 2023\/2024 deklaracj\u0119 o kontynuowaniu wychowania przedszkolnego.<br>4. W przypadku wi\u0119kszej liczby kandydat\u00f3w, ni\u017c wolnych miejsc, na pierwszym etapie post\u0119powania rekrutacyjnego b\u0119d\u0105 brane pod uwag\u0119 kryteria wynikaj\u0105ce z art. 131 ust.2 ustawy z dnia 14 grudnia 2016r. Prawo o\u015bwiatowe (Dz.U. z 2021r. poz. 1082 z p\u00f3\u017an. zm.).<br>5. Je\u015bli przedszkole nadal dysponuje wolnymi miejscami, w\u00f3wczas nast\u0119puje II etap post\u0119powania rekrutacyjnego, w kt\u00f3rym brane b\u0119d\u0105 pod uwag\u0119 kryteria okre\u015blone w Uchwale&nbsp; Nr XXIX\/253\/17 Rady Miejskie w Rad\u0142owie z dnia 24 lutego 2017 r. w sprawie okre\u015blenia kryteri\u00f3w dla drugiego etapu post\u0119powania rekrutacyjnego do przedszkoli publicznych prowadzonych przez Gmin\u0119 Rad\u0142\u00f3w.<\/p>\n\n\n\n<p>6. Terminy rekrutacji zosta\u0142y okre\u015blone Zarz\u0105dzeniem nr 24\/2023 Burmistrza Rad\u0142owa&nbsp; z dnia 20 stycznia 2023r. w sprawie ustalenia termin\u00f3w przeprowadzenia post\u0119powania rekrutacyjnego i post\u0119powania uzupe\u0142niaj\u0105cego do publicznych przedszkoli oraz klas pierwszych publicznych szk\u00f3\u0142 podstawowych na rok szkolny 2023\/2024, prowadzonych przez Gmin\u0119 Rad\u0142\u00f3w-&nbsp; za\u0142\u0105cznik nr 1.<\/p>\n\n\n\n<p>7. Wzory wniosk\u00f3w i deklaracji dost\u0119pne s\u0105 w przedszkolach.<\/p>\n\n\n\n<p><strong>Klasy I szk\u00f3\u0142 podstawowych:<\/strong><\/p>\n\n\n\n<p>1. Do klas pierwszych szk\u00f3\u0142 podstawowych prowadzonych przez Gmin\u0119 Rad\u0142\u00f3w, dla kt\u00f3rych ustalone s\u0105 obwody przyjmuje si\u0119 dzieci na podstawie zg\u0142oszenia przez rodzic\u00f3w tych kandydat\u00f3w zamieszka\u0142ych na terenie Gminy Rad\u0142\u00f3w.<\/p>\n\n\n\n<p>Wz\u00f3r zg\u0142oszenia dost\u0119pny jest w ka\u017cdej szkole.<\/p>\n\n\n\n<p>2. Kandydaci zamieszkali poza obwodem danej szko\u0142y podstawowej mog\u0105 zosta\u0107 przyj\u0119ci do klasy pierwszej po przeprowadzeniu post\u0119powania rekrutacyjnego , je\u017celi dana szko\u0142a podstawowa nadal dysponuje wolnymi miejscami.<\/p>\n\n\n\n<p>3. Terminy rekrutacji do klasy pierwszej szk\u00f3\u0142 podstawowych prowadzonych przez Gmin\u0119 Rad\u0142\u00f3w okre\u015bla Zarz\u0105dzenie nr 24\/2023 Burmistrza Rad\u0142owa&nbsp; z dnia 20 stycznia 2023r. w sprawie ustalenia termin\u00f3w przeprowadzenia post\u0119powania rekrutacyjnego i post\u0119powania uzupe\u0142niaj\u0105cego do publicznych przedszkoli oraz klas pierwszych publicznych szk\u00f3\u0142 podstawowych na rok szkolny 2023\/2024, prowadzonych przez Gmin\u0119 Rad\u0142\u00f3w. 4. W post\u0119powaniu rekrutacyjnym s\u0105 brane pod uwag\u0119 kryteria okre\u015blone w Uchwale&nbsp; Nr XXIX\/254\/17 Rady Miejskie w Rad\u0142owie z dnia 24 lutego 2017 r. w sprawie okre\u015blenia kryteri\u00f3w do klas pierwszych publicznych szk\u00f3\u0142 podstawowych prowadzonych przez Gmin\u0119 Rad\u0142\u00f3w.<\/p>\n\n\n\n<p><\/p>\n\n\n\n<p><strong>Do pobrania:<\/strong><\/p>\n\n\n\n<p><a href=\"https:\/\/www.zspwolaradlowska.pl\/wp-content\/uploads\/2023\/02\/Deklaracja-kontynuacji-nauki-Przedszkole-Wola-R-2023.doc\" target=\"_blank\" rel=\"noreferrer noopener\">DEKLARACJA KONTYNUOWANIA WYCHOWANIA PRZEDSZKOLNEGO <\/a><br><a href=\"https:\/\/www.zspwolaradlowska.pl\/wp-content\/uploads\/2023\/02\/Oswiadczenie-woli-zapisu-przedszkole-Wola-R-2023.doc\" target=\"_blank\" rel=\"noreferrer noopener\">O\u015bwiadczenie potwierdzenia woli zapisu dziecka do Publicznego Przedszkola w Woli Rad\u0142owskiej<\/a><br><a href=\"https:\/\/www.zspwolaradlowska.pl\/wp-content\/uploads\/2023\/02\/Potwierdzenie-woli-zapisu-SP-kl-I-Wola-R-2023.doc\" target=\"_blank\" rel=\"noreferrer noopener\">O\u015bwiadczenie potwierdzenia woli zapisu dziecka do klasy I Szko\u0142y Podstawowej im. Stanis\u0142awa Wyspia\u0144skiego w Woli Rad\u0142owskiej<\/a><br><a href=\"https:\/\/www.zspwolaradlowska.pl\/wp-content\/uploads\/2023\/02\/Wniosek-o-przyjecie-kl.-I-SP-Wola-R-2023.doc\" target=\"_blank\" rel=\"noreferrer noopener\">WNIOSEK O PRZYJ\u0118CIE DO KLASY PIERWSZEJ SZKO\u0141Y PODSTAWOWEJ im. Stanis\u0142awa Wyspia\u0144skiego w Woli Rad\u0142owskiej na rok szkolny 2023\/2024<\/a><br><a href=\"https:\/\/www.zspwolaradlowska.pl\/wp-content\/uploads\/2023\/02\/Wniosek-przyjecie-przedszkole-Wola-R-PC-2023.doc\" data-type=\"URL\" data-id=\"https:\/\/www.zspwolaradlowska.pl\/wp-content\/uploads\/2023\/02\/Wniosek-przyjecie-przedszkole-Wola-R-PC-2023.doc\">WNIOSEK O PRZYJ\u0118CIE DO PUBLICZNEGO PRZEDSZKOLA W WOLI RAD\u0141OWSKIEJ na rok szkolny 2023\/2024<\/a><br><a href=\"https:\/\/www.zspwolaradlowska.pl\/wp-content\/uploads\/2023\/02\/zarzadzenie_24.pdf\" target=\"_blank\" rel=\"noreferrer noopener\">Zarz\u0105dzenie nr 24.2023 Burmistrza Rad\u0142owa z dnia 20 stycznia 2023 r.<\/a><br><\/p>\n\n\n\n<p><br><\/p>\n","protected":false},"excerpt":{"rendered":"<p>Przedszkole:1. &nbsp;Do przedszkoli prowadzonych przez Gmin\u0119 Rad\u0142\u00f3w przyjmuje si\u0119 kandydat\u00f3w zamieszka\u0142ych na terenie Gminy Rad\u0142\u00f3w.2. Rodzice wyra\u017caj\u0105cy ch\u0119\u0107 &nbsp;ucz\u0119szczania dziecka &nbsp;do przedszkola do kt\u00f3rego ucz\u0119szcza &nbsp;obecnie sk\u0142adaj\u0105 w tym przedszkolu na rok szkolny 2023\/2024 deklaracj\u0119 o kontynuowaniu wychowania przedszkolnego.4. W przypadku wi\u0119kszej liczby kandydat\u00f3w, ni\u017c wolnych miejsc, na pierwszym etapie post\u0119powania rekrutacyjnego b\u0119d\u0105 brane pod [&hellip;]<\/p>\n","protected":false},"author":1,"featured_media":0,"comment_status":"closed","ping_status":"closed","sticky":false,"template":"","format":"standard","meta":{"zakra_page_container_layout":"customizer","zakra_page_sidebar_layout":"customizer","zakra_remove_content_margin":false,"zakra_sidebar":"customizer","zakra_transparent_header":"customizer","zakra_logo":0,"zakra_main_header_style":"default","zakra_menu_item_color":"","zakra_menu_item_hover_color":"","zakra_menu_item_active_color":"","zakra_menu_active_style":"","zakra_page_header":true,"ngg_post_thumbnail":0,"footnotes":""},"categories":[1],"tags":[],"class_list":["post-689","post","type-post","status-publish","format-standard","hentry","category-uncategorized"],"_links":{"self":[{"href":"https:\/\/www.zspwolaradlowska.pl\/index.php?rest_route=\/wp\/v2\/posts\/689","targetHints":{"allow":["GET"]}}],"collection":[{"href":"https:\/\/www.zspwolaradlowska.pl\/index.php?rest_route=\/wp\/v2\/posts"}],"about":[{"href":"https:\/\/www.zspwolaradlowska.pl\/index.php?rest_route=\/wp\/v2\/types\/post"}],"author":[{"embeddable":true,"href":"https:\/\/www.zspwolaradlowska.pl\/index.php?rest_route=\/wp\/v2\/users\/1"}],"replies":[{"embeddable":true,"href":"https:\/\/www.zspwolaradlowska.pl\/index.php?rest_route=%2Fwp%2Fv2%2Fcomments&post=689"}],"version-history":[{"count":3,"href":"https:\/\/www.zspwolaradlowska.pl\/index.php?rest_route=\/wp\/v2\/posts\/689\/revisions"}],"predecessor-version":[{"id":699,"href":"https:\/\/www.zspwolaradlowska.pl\/index.php?rest_route=\/wp\/v2\/posts\/689\/revisions\/699"}],"wp:attachment":[{"href":"https:\/\/www.zspwolaradlowska.pl\/index.php?rest_route=%2Fwp%2Fv2%2Fmedia&parent=689"}],"wp:term":[{"taxonomy":"category","embeddable":true,"href":"https:\/\/www.zspwolaradlowska.pl\/index.php?rest_route=%2Fwp%2Fv2%2Fcategories&post=689"},{"taxonomy":"post_tag","embeddable":true,"href":"https:\/\/www.zspwolaradlowska.pl\/index.php?rest_route=%2Fwp%2Fv2%2Ftags&post=689"}],"curies":[{"name":"wp","href":"https:\/\/api.w.org\/{rel}","templated":true}]}}